{"id":934,"date":"2017-05-17T21:18:37","date_gmt":"2017-05-17T21:18:37","guid":{"rendered":"https:\/\/www.tiagoneves.net\/blog\/?p=934"},"modified":"2018-07-13T15:35:48","modified_gmt":"2018-07-13T15:35:48","slug":"2o-encontro-do-chapter-sql-server-es","status":"publish","type":"post","link":"https:\/\/www.tiagoneves.net\/blog\/2o-encontro-do-chapter-sql-server-es\/","title":{"rendered":"2\u00ba Encontro do Chapter SQL Server ES"},"content":{"rendered":"<p style=\"text-align: justify;\"><a href=\"https:\/\/i0.wp.com\/www.tiagoneves.net\/blog\/wp-content\/uploads\/2017\/03\/Arte-Tiago-SQL-Comunidade.png?ssl=1\" rel=\"lightbox[934]\"><img data-recalc-dims=\"1\" loading=\"lazy\" decoding=\"async\" class=\"wp-image-908 aligncenter\" src=\"https:\/\/i0.wp.com\/www.tiagoneves.net\/blog\/wp-content\/uploads\/2017\/03\/Arte-Tiago-SQL-Comunidade.png?resize=331%2C88&#038;ssl=1\" alt=\"\" width=\"331\" height=\"88\" srcset=\"https:\/\/i0.wp.com\/www.tiagoneves.net\/blog\/wp-content\/uploads\/2017\/03\/Arte-Tiago-SQL-Comunidade.png?w=1412&amp;ssl=1 1412w, https:\/\/i0.wp.com\/www.tiagoneves.net\/blog\/wp-content\/uploads\/2017\/03\/Arte-Tiago-SQL-Comunidade.png?resize=300%2C80&amp;ssl=1 300w, https:\/\/i0.wp.com\/www.tiagoneves.net\/blog\/wp-content\/uploads\/2017\/03\/Arte-Tiago-SQL-Comunidade.png?resize=768%2C205&amp;ssl=1 768w, https:\/\/i0.wp.com\/www.tiagoneves.net\/blog\/wp-content\/uploads\/2017\/03\/Arte-Tiago-SQL-Comunidade.png?resize=1024%2C273&amp;ssl=1 1024w, https:\/\/i0.wp.com\/www.tiagoneves.net\/blog\/wp-content\/uploads\/2017\/03\/Arte-Tiago-SQL-Comunidade.png?w=1356&amp;ssl=1 1356w\" sizes=\"auto, (max-width: 331px) 100vw, 331px\" \/><\/a><\/p>\n<p style=\"text-align: justify;\">Ol\u00e1 pessoal, tudo certo?<\/p>\n<p style=\"text-align: justify;\">Faz um tempo que n\u00e3o posto nada, ent\u00e3o vamos voltar a ativa&#8230;<\/p>\n<p style=\"text-align: justify;\">E vamos voltar divulgando o segundo encontro do <strong>Chapter SQL Server ES<\/strong>, depois da abertura do Chapter que foi um sucesso, j\u00e1 estamos programando o nosso encontro, no S\u00e1bado dia 10 de junho de 2017, a partir das 08:30h, desta vez teremos duas palestras.<\/p>\n<p style=\"text-align: justify;\">O <a href=\"https:\/\/www.dirceuresende.com\/blog\" target=\"_blank\" rel=\"noopener noreferrer\">Dirceu Resende<\/a> trar\u00e1 uma palestra com o tema &#8220;Escrevendo queries r\u00e1pidas no SQL Server&#8221; e o <a href=\"http:\/\/www.vssti.com.br\/blog\/\" target=\"_blank\" rel=\"noopener noreferrer\">Vithor Silva<\/a> vai palestrar sobre o Power BI com o tema &#8220;Introdu\u00e7\u00e3o ao Self-Service BI com Power BI&#8221;, o evento ser\u00e1 realizado novamente na<a href=\"http:\/\/www.ucv.edu.br\/\" target=\"_blank\" rel=\"noopener noreferrer\"> Universidade Cat\u00f3lica Salesiana<\/a>, que fica localizada na Avenida Vit\u00f3ria.<\/p>\n<p style=\"text-align: justify;\"><strong>Mais informa\u00e7\u00f5es:<\/strong><\/p>\n<p style=\"text-align: justify;\"><strong>Data:<\/strong> 10\/06\/2017 (s\u00e1bado \u2013 sem desculpa para faltar)<br \/>\nHor\u00e1rio: 08:30h \u00e0s 11:30h<br \/>\nLocal: Centro Universit\u00e1rio Cat\u00f3lico de Vit\u00f3ria \u2013 Antiga Faculdade Cat\u00f3lica Salesiana (<a class=\"wpel-icon-left\" href=\"http:\/\/www.ucv.edu.br\/\" target=\"_blank\" rel=\"nofollow external noopener noreferrer\" data-wpel-link=\"external\">link aqui<\/a>)<br \/>\nEndere\u00e7o: Av Vit\u00f3ria, 950, Forte S\u00e3o Jo\u00e3o, Vit\u00f3ria, ES (<a class=\"wpel-icon-left\" href=\"https:\/\/goo.gl\/maps\/QXTBUpLKrBJ2\" target=\"_blank\" rel=\"nofollow external noopener noreferrer\" data-wpel-link=\"external\">visualizar localiza\u00e7\u00e3o<\/a>)<\/p>\n<p style=\"text-align: justify;\"><a href=\"https:\/\/i0.wp.com\/www.tiagoneves.net\/blog\/wp-content\/uploads\/2017\/05\/SQLServerES_II_SESSAO.jpg?ssl=1\" rel=\"lightbox[934]\"><img data-recalc-dims=\"1\" loading=\"lazy\" decoding=\"async\" class=\"wp-image-935 aligncenter\" src=\"https:\/\/i0.wp.com\/www.tiagoneves.net\/blog\/wp-content\/uploads\/2017\/05\/SQLServerES_II_SESSAO.jpg?resize=474%2C601&#038;ssl=1\" alt=\"\" width=\"474\" height=\"601\" srcset=\"https:\/\/i0.wp.com\/www.tiagoneves.net\/blog\/wp-content\/uploads\/2017\/05\/SQLServerES_II_SESSAO.jpg?w=1009&amp;ssl=1 1009w, https:\/\/i0.wp.com\/www.tiagoneves.net\/blog\/wp-content\/uploads\/2017\/05\/SQLServerES_II_SESSAO.jpg?resize=236%2C300&amp;ssl=1 236w, https:\/\/i0.wp.com\/www.tiagoneves.net\/blog\/wp-content\/uploads\/2017\/05\/SQLServerES_II_SESSAO.jpg?resize=768%2C974&amp;ssl=1 768w, https:\/\/i0.wp.com\/www.tiagoneves.net\/blog\/wp-content\/uploads\/2017\/05\/SQLServerES_II_SESSAO.jpg?resize=807%2C1024&amp;ssl=1 807w\" sizes=\"auto, (max-width: 474px) 100vw, 474px\" \/><\/a><\/p>\n<p style=\"text-align: justify;\">A Faculdade Salesiana, atrav\u00e9s do Prof. Marcelo Albuquerque, abra\u00e7ou a Comunidade nos dando total apoio. Vale lembrar que esse evento \u00e9 aberto para toda a comunidade t\u00e9cnica e acad\u00eamica do Esp\u00edrito Santo.<\/p>\n<p style=\"text-align: justify;\">O evento j\u00e1 conta mais de 60 inscritos n\u00e3o fique de fora!!!<\/p>\n<p style=\"text-align: justify;\">Fa\u00e7a a sua inscri\u00e7\u00e3o <strong>gratuita<\/strong> <a class=\"wpel-icon-left\" href=\"https:\/\/www.eventbrite.com.br\/e\/2o-encontro-do-chapter-sql-server-es-tickets-34395926141?aff=es2\" target=\"_blank\" rel=\"nofollow external noopener noreferrer\" data-wpel-link=\"external\">clicando neste link<\/a>.<\/p>\n<p style=\"text-align: justify;\">Inscreva-se em nosso Chapter e fique por dentro das nossas programa\u00e7\u00f5es:\u00a0<a href=\"http:\/\/sqlserveres.pass.org\/\" target=\"_blank\" rel=\"noopener noreferrer\"> http:\/\/sqlserveres.pass.org\/ <\/a><\/p>\n<p style=\"text-align: justify;\">Abra\u00e7os,<\/p>\n<p style=\"text-align: justify;\">Tiago Neves<\/p>\n","protected":false},"excerpt":{"rendered":"<p>Ol\u00e1 pessoal, tudo certo? Faz um tempo que n\u00e3o posto nada, ent\u00e3o vamos voltar a ativa&#8230; E vamos voltar divulgando o segundo encontro do Chapter SQL Server ES, depois da abertura do Chapter que foi um sucesso, j\u00e1 estamos programando o nosso encontro, no S\u00e1bado dia 10 de junho de 2017, a partir das 08:30h, [&hellip;]<\/p>\n","protected":false},"author":1,"featured_media":0,"comment_status":"open","ping_status":"open","sticky":false,"template":"","format":"standard","meta":{"rop_custom_images_group":[],"rop_custom_messages_group":[],"rop_publish_now":"initial","rop_publish_now_accounts":{"twitter_91251433_91251433":""},"rop_publish_now_history":[],"rop_publish_now_status":"pending","_exactmetrics_skip_tracking":false,"_exactmetrics_sitenote_active":false,"_exactmetrics_sitenote_note":"","_exactmetrics_sitenote_category":0,"_monsterinsights_skip_tracking":false,"_monsterinsights_sitenote_active":false,"_monsterinsights_sitenote_note":"","_monsterinsights_sitenote_category":0,"advanced_seo_description":"","jetpack_seo_html_title":"","jetpack_seo_noindex":false,"jetpack_post_was_ever_published":false,"_jetpack_newsletter_access":"","_jetpack_dont_email_post_to_subs":false,"_jetpack_newsletter_tier_id":0,"_jetpack_memberships_contains_paywalled_content":false,"_jetpack_memberships_contains_paid_content":false,"footnotes":"","jetpack_publicize_message":"","jetpack_publicize_feature_enabled":true,"jetpack_social_post_already_shared":true,"jetpack_social_options":{"image_generator_settings":{"template":"highway","default_image_id":0,"font":"","enabled":false},"version":2},"_wpscppro_dont_share_socialmedia":false,"_wpscppro_custom_social_share_image":0,"_facebook_share_type":"","_twitter_share_type":"","_linkedin_share_type":"","_pinterest_share_type":"","_linkedin_share_type_page":"","_instagram_share_type":"","_medium_share_type":"","_threads_share_type":"","_google_business_share_type":"","_selected_social_profile":[],"_wpsp_enable_custom_social_template":false,"_wpsp_social_scheduling":{"enabled":false,"datetime":null,"platforms":[],"status":"template_only","dateOption":"today","timeOption":"now","customDays":"","customHours":"","customDate":"","customTime":"","schedulingType":"absolute"},"_wpsp_active_default_template":true},"categories":[3],"tags":[47,60,35,189],"class_list":["post-934","post","type-post","status-publish","format-standard","hentry","category-eventos","tag-microsoft","tag-pass","tag-sql-server","tag-sql-server-es"],"jetpack_publicize_connections":[],"jetpack_featured_media_url":"","jetpack_sharing_enabled":true,"jetpack_shortlink":"https:\/\/wp.me\/p6eIyh-f4","jetpack-related-posts":[{"id":2414,"url":"https:\/\/www.tiagoneves.net\/blog\/sql-server-2016-esta-chegando-ao-fim-do-suporte-o-que-isso-significa-na-pratica\/","url_meta":{"origin":934,"position":0},"title":"SQL Server 2016 est\u00e1 chegando ao fim do suporte: o que isso significa na pr\u00e1tica?","author":"tiagoneves","date":"27 de abril de 2026","format":false,"excerpt":"O SQL Server 2016 ter\u00e1 seu suporte estendido encerrado em 14 de julho de 2026, o que resultar\u00e1 na falta de atualiza\u00e7\u00f5es de seguran\u00e7a e suporte. Continuar usando essa vers\u00e3o traz riscos como vulnerabilidades e n\u00e3o conformidade regulat\u00f3ria. Planejar a migra\u00e7\u00e3o para vers\u00f5es mais recentes ou cloud deve ser prioridade\u2026","rel":"","context":"Em &quot;Seguran\u00e7a&quot;","block_context":{"text":"Seguran\u00e7a","link":"https:\/\/www.tiagoneves.net\/blog\/category\/seguranca\/"},"img":{"alt_text":"","src":"https:\/\/i0.wp.com\/www.tiagoneves.net\/blog\/wp-content\/uploads\/2026\/04\/sql_server_2016_eos_v3.png?fit=772%2C702&ssl=1&resize=350%2C200","width":350,"height":200,"srcset":"https:\/\/i0.wp.com\/www.tiagoneves.net\/blog\/wp-content\/uploads\/2026\/04\/sql_server_2016_eos_v3.png?fit=772%2C702&ssl=1&resize=350%2C200 1x, https:\/\/i0.wp.com\/www.tiagoneves.net\/blog\/wp-content\/uploads\/2026\/04\/sql_server_2016_eos_v3.png?fit=772%2C702&ssl=1&resize=525%2C300 1.5x, https:\/\/i0.wp.com\/www.tiagoneves.net\/blog\/wp-content\/uploads\/2026\/04\/sql_server_2016_eos_v3.png?fit=772%2C702&ssl=1&resize=700%2C400 2x"},"classes":[]}],"jetpack_likes_enabled":true,"_links":{"self":[{"href":"https:\/\/www.tiagoneves.net\/blog\/wp-json\/wp\/v2\/posts\/934","targetHints":{"allow":["GET"]}}],"collection":[{"href":"https:\/\/www.tiagoneves.net\/blog\/wp-json\/wp\/v2\/posts"}],"about":[{"href":"https:\/\/www.tiagoneves.net\/blog\/wp-json\/wp\/v2\/types\/post"}],"author":[{"embeddable":true,"href":"https:\/\/www.tiagoneves.net\/blog\/wp-json\/wp\/v2\/users\/1"}],"replies":[{"embeddable":true,"href":"https:\/\/www.tiagoneves.net\/blog\/wp-json\/wp\/v2\/comments?post=934"}],"version-history":[{"count":3,"href":"https:\/\/www.tiagoneves.net\/blog\/wp-json\/wp\/v2\/posts\/934\/revisions"}],"predecessor-version":[{"id":940,"href":"https:\/\/www.tiagoneves.net\/blog\/wp-json\/wp\/v2\/posts\/934\/revisions\/940"}],"wp:attachment":[{"href":"https:\/\/www.tiagoneves.net\/blog\/wp-json\/wp\/v2\/media?parent=934"}],"wp:term":[{"taxonomy":"category","embeddable":true,"href":"https:\/\/www.tiagoneves.net\/blog\/wp-json\/wp\/v2\/categories?post=934"},{"taxonomy":"post_tag","embeddable":true,"href":"https:\/\/www.tiagoneves.net\/blog\/wp-json\/wp\/v2\/tags?post=934"}],"curies":[{"name":"wp","href":"https:\/\/api.w.org\/{rel}","templated":true}]}}