{"id":900,"date":"2017-03-21T15:01:09","date_gmt":"2017-03-21T15:01:09","guid":{"rendered":"https:\/\/www.tiagoneves.net\/blog\/?p=900"},"modified":"2018-07-13T15:36:04","modified_gmt":"2018-07-13T15:36:04","slug":"1o-encontro-da-comunidade-sql-server-es","status":"publish","type":"post","link":"https:\/\/www.tiagoneves.net\/blog\/1o-encontro-da-comunidade-sql-server-es\/","title":{"rendered":"1\u00ba Encontro da Comunidade SQL Server &#8211; ES"},"content":{"rendered":"<p style=\"text-align: justify;\">Ol\u00e1 pessoal do ES, Tudo certo?<a href=\"https:\/\/i0.wp.com\/www.tiagoneves.net\/blog\/wp-content\/uploads\/2017\/03\/Arte-Tiago-SQL-Comunidade.png?ssl=1\" rel=\"lightbox[900]\"><img data-recalc-dims=\"1\" loading=\"lazy\" decoding=\"async\" class=\"wp-image-908 alignright\" src=\"https:\/\/i0.wp.com\/www.tiagoneves.net\/blog\/wp-content\/uploads\/2017\/03\/Arte-Tiago-SQL-Comunidade.png?resize=331%2C88&#038;ssl=1\" alt=\"\" width=\"331\" height=\"88\" srcset=\"https:\/\/i0.wp.com\/www.tiagoneves.net\/blog\/wp-content\/uploads\/2017\/03\/Arte-Tiago-SQL-Comunidade.png?w=1412&amp;ssl=1 1412w, https:\/\/i0.wp.com\/www.tiagoneves.net\/blog\/wp-content\/uploads\/2017\/03\/Arte-Tiago-SQL-Comunidade.png?resize=300%2C80&amp;ssl=1 300w, https:\/\/i0.wp.com\/www.tiagoneves.net\/blog\/wp-content\/uploads\/2017\/03\/Arte-Tiago-SQL-Comunidade.png?resize=768%2C205&amp;ssl=1 768w, https:\/\/i0.wp.com\/www.tiagoneves.net\/blog\/wp-content\/uploads\/2017\/03\/Arte-Tiago-SQL-Comunidade.png?resize=1024%2C273&amp;ssl=1 1024w, https:\/\/i0.wp.com\/www.tiagoneves.net\/blog\/wp-content\/uploads\/2017\/03\/Arte-Tiago-SQL-Comunidade.png?w=1356&amp;ssl=1 1356w\" sizes=\"auto, (max-width: 331px) 100vw, 331px\" \/><\/a><\/p>\n<p style=\"text-align: justify;\">Depois de um tempo planejando e organizando junto com o Fabr\u00edcio Lima, finalmente saiu da prancheta, vem a\u00ed o primeiro encontro da Comunidade de SQL Server &#8211; ES. A comunidade est\u00e1 sendo formada, com o objetivo de virar um Chapter do Pass em Vit\u00f3ria.\u00a0Com isso, estaremos habilitados a organizar grandes eventos como SQL Saturday por exemplo, colocando a nossa Ilha de vez no mapa do Brasil em eventos da comunidade SQL Server.<\/p>\n<p style=\"text-align: justify;\">O nosso primeiro evento j\u00e1 tem data e local, ser\u00e1 realizado no dia <strong>06 de Abril (quinta-feira) \u00e1s 19:30h<\/strong> na <a href=\"http:\/\/www.ucv.edu.br\/\" target=\"_blank\" rel=\"noopener\">Universidade Cat\u00f3lica Salesiana<\/a>, localizada na Av. Vit\u00f3ria. O local conta com amplo estacionamento e n\u00e3o ter\u00e1 cobran\u00e7a para o acesso. A Faculdade Salesiana atrav\u00e9s do Prof. Marcelo Albuquerque abra\u00e7ou a Comunidade nos dando total apoio.<\/p>\n<p style=\"text-align: justify;\">Apesar do evento ser realizado na Faculdade Salesiana o evento \u00e9 aberto para toda a comunidade t\u00e9cnica e acad\u00eamica do Esp\u00edrito Santo.<\/p>\n<p style=\"text-align: justify;\"><strong>Confira a nossa agenda para o dia 06\/04:<\/strong><\/p>\n<p style=\"text-align: justify;\">Teremos uma apresenta\u00e7\u00e3o via Skype sobre o <strong>PASS<\/strong> com o MVP Marcus Bittencourt (<a href=\"https:\/\/twitter.com\/mvbitt\" target=\"_blank\" rel=\"noopener\">Twitter<\/a>\/<a href=\"https:\/\/isqlserver.wordpress.com\/\" target=\"_blank\" rel=\"noopener\">Blog<\/a>).<\/p>\n<p style=\"text-align: justify;\">Palestra com o MVP Fabr\u00edcio Lima (<a href=\"https:\/\/twitter.com\/fabriciodba\" target=\"_blank\" rel=\"noopener\">Twitter<\/a>\/<a href=\"http:\/\/fabriciolima.net\/blog\" target=\"_blank\" rel=\"noopener\">Blog<\/a>) e o MTAC Tiago Neves (<a href=\"https:\/\/twitter.com\/tiagolneves\" target=\"_blank\" rel=\"noopener\">Twitter<\/a>\/<a href=\"https:\/\/www.tiagoneves.net\/blog\/\" target=\"_blank\" rel=\"noopener\">Blog<\/a>) com o tema: <strong>Carreira e oportunidades com a Plataforma de Dados da Microsoft<\/strong><\/p>\n<p style=\"text-align: justify;\">Contamos com voc\u00eas para formar esse grupo aqui no ES. Em outros estados isso j\u00e1 \u00e9 sucesso. \u00c9 gr\u00e1tis, s\u00f3 precisa da sua disposi\u00e7\u00e3o de querer crescer profissionalmente, aprender e compartilhar experi\u00eancias com outros profissionais.<\/p>\n<p style=\"text-align: justify;\">Fa\u00e7a a sua inscri\u00e7\u00e3o no link abaixo:<\/p>\n<p style=\"text-align: justify;\"><a class=\"js-link post-link\" href=\"https:\/\/www.linkedin.com\/redir\/redirect?url=https%3A%2F%2Fwww%2Esympla%2Ecom%2Ebr%2F1-encontro---grupo-sql-server-es__127460&amp;urlhash=LB80&amp;_t=tracking_anet\" target=\"_blank\" rel=\"noopener\">https:\/\/www.sympla.com.br\/1-encontro&#8212;grupo-sql-server-es__127460<\/a><\/p>\n<p style=\"text-align: justify;\">Abra\u00e7os,<\/p>\n<p>Tiago Neves<\/p>\n","protected":false},"excerpt":{"rendered":"<p>Ol\u00e1 pessoal do ES, Tudo certo? Depois de um tempo planejando e organizando junto com o Fabr\u00edcio Lima, finalmente saiu da prancheta, vem a\u00ed o primeiro encontro da Comunidade de SQL Server &#8211; ES. A comunidade est\u00e1 sendo formada, com o objetivo de virar um Chapter do Pass em Vit\u00f3ria.\u00a0Com isso, estaremos habilitados a organizar [&hellip;]<\/p>\n","protected":false},"author":1,"featured_media":0,"comment_status":"open","ping_status":"open","sticky":false,"template":"","format":"standard","meta":{"rop_custom_images_group":[],"rop_custom_messages_group":[],"rop_publish_now":"initial","rop_publish_now_accounts":{"twitter_91251433_91251433":""},"rop_publish_now_history":[],"rop_publish_now_status":"pending","_exactmetrics_skip_tracking":false,"_exactmetrics_sitenote_active":false,"_exactmetrics_sitenote_note":"","_exactmetrics_sitenote_category":0,"_monsterinsights_skip_tracking":false,"_monsterinsights_sitenote_active":false,"_monsterinsights_sitenote_note":"","_monsterinsights_sitenote_category":0,"advanced_seo_description":"","jetpack_seo_html_title":"","jetpack_seo_noindex":false,"jetpack_post_was_ever_published":false,"_jetpack_newsletter_access":"","_jetpack_dont_email_post_to_subs":true,"_jetpack_newsletter_tier_id":0,"_jetpack_memberships_contains_paywalled_content":false,"_jetpack_memberships_contains_paid_content":false,"footnotes":"","jetpack_publicize_message":"","jetpack_publicize_feature_enabled":true,"jetpack_social_post_already_shared":true,"jetpack_social_options":{"image_generator_settings":{"template":"highway","default_image_id":0,"font":"","enabled":false},"version":2},"_wpscppro_dont_share_socialmedia":false,"_wpscppro_custom_social_share_image":0,"_facebook_share_type":"","_twitter_share_type":"","_linkedin_share_type":"","_pinterest_share_type":"","_linkedin_share_type_page":"","_instagram_share_type":"","_medium_share_type":"","_threads_share_type":"","_google_business_share_type":"","_selected_social_profile":[],"_wpsp_enable_custom_social_template":false,"_wpsp_social_scheduling":{"enabled":false,"datetime":null,"platforms":[],"status":"template_only","dateOption":"today","timeOption":"now","customDays":"","customHours":"","customDate":"","customTime":"","schedulingType":"absolute"},"_wpsp_active_default_template":true},"categories":[3],"tags":[142,186,60,35,185,144],"class_list":["post-900","post","type-post","status-publish","format-standard","hentry","category-eventos","tag-comunidade","tag-es","tag-pass","tag-sql-server","tag-sql-sever-es","tag-vitoria"],"jetpack_publicize_connections":[],"jetpack_featured_media_url":"","jetpack_sharing_enabled":true,"jetpack_shortlink":"https:\/\/wp.me\/p6eIyh-ew","jetpack-related-posts":[{"id":2414,"url":"https:\/\/www.tiagoneves.net\/blog\/sql-server-2016-esta-chegando-ao-fim-do-suporte-o-que-isso-significa-na-pratica\/","url_meta":{"origin":900,"position":0},"title":"SQL Server 2016 est\u00e1 chegando ao fim do suporte: o que isso significa na pr\u00e1tica?","author":"tiagoneves","date":"27 de abril de 2026","format":false,"excerpt":"O SQL Server 2016 ter\u00e1 seu suporte estendido encerrado em 14 de julho de 2026, o que resultar\u00e1 na falta de atualiza\u00e7\u00f5es de seguran\u00e7a e suporte. Continuar usando essa vers\u00e3o traz riscos como vulnerabilidades e n\u00e3o conformidade regulat\u00f3ria. Planejar a migra\u00e7\u00e3o para vers\u00f5es mais recentes ou cloud deve ser prioridade\u2026","rel":"","context":"Em &quot;Seguran\u00e7a&quot;","block_context":{"text":"Seguran\u00e7a","link":"https:\/\/www.tiagoneves.net\/blog\/category\/seguranca\/"},"img":{"alt_text":"","src":"https:\/\/i0.wp.com\/www.tiagoneves.net\/blog\/wp-content\/uploads\/2026\/04\/sql_server_2016_eos_v3.png?fit=772%2C702&ssl=1&resize=350%2C200","width":350,"height":200,"srcset":"https:\/\/i0.wp.com\/www.tiagoneves.net\/blog\/wp-content\/uploads\/2026\/04\/sql_server_2016_eos_v3.png?fit=772%2C702&ssl=1&resize=350%2C200 1x, https:\/\/i0.wp.com\/www.tiagoneves.net\/blog\/wp-content\/uploads\/2026\/04\/sql_server_2016_eos_v3.png?fit=772%2C702&ssl=1&resize=525%2C300 1.5x, https:\/\/i0.wp.com\/www.tiagoneves.net\/blog\/wp-content\/uploads\/2026\/04\/sql_server_2016_eos_v3.png?fit=772%2C702&ssl=1&resize=700%2C400 2x"},"classes":[]}],"jetpack_likes_enabled":true,"_links":{"self":[{"href":"https:\/\/www.tiagoneves.net\/blog\/wp-json\/wp\/v2\/posts\/900","targetHints":{"allow":["GET"]}}],"collection":[{"href":"https:\/\/www.tiagoneves.net\/blog\/wp-json\/wp\/v2\/posts"}],"about":[{"href":"https:\/\/www.tiagoneves.net\/blog\/wp-json\/wp\/v2\/types\/post"}],"author":[{"embeddable":true,"href":"https:\/\/www.tiagoneves.net\/blog\/wp-json\/wp\/v2\/users\/1"}],"replies":[{"embeddable":true,"href":"https:\/\/www.tiagoneves.net\/blog\/wp-json\/wp\/v2\/comments?post=900"}],"version-history":[{"count":10,"href":"https:\/\/www.tiagoneves.net\/blog\/wp-json\/wp\/v2\/posts\/900\/revisions"}],"predecessor-version":[{"id":1412,"href":"https:\/\/www.tiagoneves.net\/blog\/wp-json\/wp\/v2\/posts\/900\/revisions\/1412"}],"wp:attachment":[{"href":"https:\/\/www.tiagoneves.net\/blog\/wp-json\/wp\/v2\/media?parent=900"}],"wp:term":[{"taxonomy":"category","embeddable":true,"href":"https:\/\/www.tiagoneves.net\/blog\/wp-json\/wp\/v2\/categories?post=900"},{"taxonomy":"post_tag","embeddable":true,"href":"https:\/\/www.tiagoneves.net\/blog\/wp-json\/wp\/v2\/tags?post=900"}],"curies":[{"name":"wp","href":"https:\/\/api.w.org\/{rel}","templated":true}]}}