{"id":2227,"date":"2019-09-24T13:04:15","date_gmt":"2019-09-24T13:04:15","guid":{"rendered":"https:\/\/www.tiagoneves.net\/blog\/?p=2227"},"modified":"2019-09-24T13:04:22","modified_gmt":"2019-09-24T13:04:22","slug":"sql-saturday-906-sao-paulo-vem-ai-o-maior-evento-de-dados-do-brasil","status":"publish","type":"post","link":"https:\/\/www.tiagoneves.net\/blog\/sql-saturday-906-sao-paulo-vem-ai-o-maior-evento-de-dados-do-brasil\/","title":{"rendered":"SQL Saturday #906 \u2013 S\u00e3o Paulo \u2013 Vem a\u00ed, o maior evento de dados do Brasil!"},"content":{"rendered":"\n<p>Fala pessoal, tudo certo???<\/p>\n\n\n\n<p>No pr\u00f3ximo s\u00e1bado dia 28\/09\/2019 acontece mais uma edi\u00e7\u00e3o do SQL Saturday em S\u00e3o Paulo #906 e estarei palestrando no maior evento do Brasil em tecnologias Microsoft na \u00e1rea de dados!<\/p>\n\n\n\n<figure class=\"wp-block-image\"><img data-recalc-dims=\"1\" loading=\"lazy\" decoding=\"async\" width=\"640\" height=\"640\" src=\"https:\/\/i0.wp.com\/www.tiagoneves.net\/blog\/wp-content\/uploads\/2019\/09\/sqlsatsp.jpg?resize=640%2C640&#038;ssl=1\" alt=\"\" class=\"wp-image-2230\" srcset=\"https:\/\/i0.wp.com\/www.tiagoneves.net\/blog\/wp-content\/uploads\/2019\/09\/sqlsatsp.jpg?w=640&amp;ssl=1 640w, https:\/\/i0.wp.com\/www.tiagoneves.net\/blog\/wp-content\/uploads\/2019\/09\/sqlsatsp.jpg?resize=150%2C150&amp;ssl=1 150w, https:\/\/i0.wp.com\/www.tiagoneves.net\/blog\/wp-content\/uploads\/2019\/09\/sqlsatsp.jpg?resize=300%2C300&amp;ssl=1 300w\" sizes=\"auto, (max-width: 640px) 100vw, 640px\" \/><\/figure>\n\n\n\n<p>Ser\u00e3o 42 palestras, dividas em 6 trilhas, com boa parte dos mais conhecidos especialistas da \u00e1rea de dados do Brasil e eu terei a honra de palestrar no meio de tanta gente fera!<\/p>\n\n\n\n<p>O #TeamFabricioLima, estar\u00e1 em peso no evento seja com os nossos consultores ou parceiros, pois teremos palestras do <a rel=\"noreferrer noopener\" aria-label=\"Rafael Mendon\u00e7a (opens in a new tab)\" href=\"https:\/\/www.rafaelmendonca.com\/\" target=\"_blank\">Rafael Mendon\u00e7a<\/a>, <a rel=\"noreferrer noopener\" aria-label=\"Fabiano Amorim (opens in a new tab)\" href=\"https:\/\/blogfabiano.com\/\" target=\"_blank\">Fabiano Amorim<\/a>*, <a rel=\"noreferrer noopener\" aria-label=\"Arthur Luz (opens in a new tab)\" href=\"https:\/\/dataslight.blog\/\" target=\"_blank\">Arthur Luz<\/a>*, <a rel=\"noreferrer noopener\" aria-label=\"Dirceu Resende (opens in a new tab)\" href=\"https:\/\/www.dirceuresende.com\/blog\" target=\"_blank\">Dirceu Resende<\/a>, <a href=\"https:\/\/fabriciolima.net\/blog\" target=\"_blank\" rel=\"noreferrer noopener\" aria-label=\"Fabr\u00edcio Lima (opens in a new tab)\">Fabr\u00edcio Lima<\/a> e a minha.<\/p>\n\n\n\n<p>Independente se voc\u00ea \u00e9 de BI, DBA, Analista de sistemas, Desenvolvedor, etc.. esse evento \u00e9 pra voc\u00ea!! Ser\u00e3o palestras dos mais variados temas, ferramentas e tecnologias. Independente da sua \u00e1rea de atua\u00e7\u00e3o, com certeza teremos v\u00e1rios palestras no seu interesse.<\/p>\n\n\n\n<p><strong>A minha palestra ser\u00e1 \u00e0s 16h, e o tema \u00e9 \u201cSaaS, IaaS e PaaS e a Plataforma de Dados no Azure<\/strong>&#8221; e acontecer\u00e1 na sala 01.<\/p>\n\n\n\n<figure class=\"wp-block-image\"><img data-recalc-dims=\"1\" loading=\"lazy\" decoding=\"async\" width=\"678\" height=\"430\" src=\"https:\/\/i0.wp.com\/www.tiagoneves.net\/blog\/wp-content\/uploads\/2019\/09\/palestra_Tiago.png?resize=678%2C430&#038;ssl=1\" alt=\"\" class=\"wp-image-2229\" srcset=\"https:\/\/i0.wp.com\/www.tiagoneves.net\/blog\/wp-content\/uploads\/2019\/09\/palestra_Tiago.png?w=817&amp;ssl=1 817w, https:\/\/i0.wp.com\/www.tiagoneves.net\/blog\/wp-content\/uploads\/2019\/09\/palestra_Tiago.png?resize=300%2C190&amp;ssl=1 300w, https:\/\/i0.wp.com\/www.tiagoneves.net\/blog\/wp-content\/uploads\/2019\/09\/palestra_Tiago.png?resize=768%2C487&amp;ssl=1 768w\" sizes=\"auto, (max-width: 678px) 100vw, 678px\" \/><\/figure>\n\n\n\n<p>As inscri\u00e7\u00f5es, s\u00e3o GRATUITAS, e voc\u00ea pode faz\u00ea-las\u00a0<a rel=\"noreferrer noopener\" href=\"https:\/\/www.sqlsaturday.com\/906\/EventHome.aspx\" target=\"_blank\">acessando esse link aqui<\/a>. <\/p>\n\n\n\n<p>Veja a\u00a0<a rel=\"noreferrer noopener\" href=\"https:\/\/www.sqlsaturday.com\/906\/Sessions\/Schedule.aspx\" target=\"_blank\">grade de palestras<\/a>\u00a0e j\u00e1 defina quais sess\u00f5es voc\u00ea vai querer assistir. A expectativa \u00e9 de reunir mais de 1.000 pessoas nesse grande evento.<\/p>\n\n\n\n<figure class=\"wp-block-image\"><img loading=\"lazy\" decoding=\"async\" width=\"1141\" height=\"2253\" src=\"https:\/\/i0.wp.com\/www.tiagoneves.net\/blog\/wp-content\/uploads\/2019\/09\/Agenda001.png?fit=519%2C1024&amp;ssl=1\" alt=\"\" class=\"wp-image-2228\" srcset=\"https:\/\/i0.wp.com\/www.tiagoneves.net\/blog\/wp-content\/uploads\/2019\/09\/Agenda001.png?w=1141&amp;ssl=1 1141w, https:\/\/i0.wp.com\/www.tiagoneves.net\/blog\/wp-content\/uploads\/2019\/09\/Agenda001.png?resize=152%2C300&amp;ssl=1 152w, https:\/\/i0.wp.com\/www.tiagoneves.net\/blog\/wp-content\/uploads\/2019\/09\/Agenda001.png?resize=768%2C1516&amp;ssl=1 768w, https:\/\/i0.wp.com\/www.tiagoneves.net\/blog\/wp-content\/uploads\/2019\/09\/Agenda001.png?resize=519%2C1024&amp;ssl=1 519w\" sizes=\"auto, (max-width: 678px) 100vw, 678px\" \/><\/figure>\n\n\n\n<p> Aguardo voc\u00ea l\u00e9 e at\u00e9 s\u00e1bado!<\/p>\n\n\n\n<p>Um grande abra\u00e7o.<\/p>\n\n\n\n<p>Tiago Neves<\/p>\n\n\n\n<p>Curta a minha p\u00e1gina no&nbsp;<a href=\"https:\/\/www.facebook.com\/TiagoNevesDBA\" target=\"_blank\" rel=\"noreferrer noopener\">facebook&nbsp;<\/a>e fique por dentro das novidades do mundo SQL Server.<\/p>\n","protected":false},"excerpt":{"rendered":"<p>Fala pessoal, tudo certo??? No pr\u00f3ximo s\u00e1bado dia 28\/09\/2019 acontece mais uma edi\u00e7\u00e3o do SQL Saturday em S\u00e3o Paulo #906 e estarei palestrando no maior evento do Brasil em tecnologias Microsoft na \u00e1rea de dados! Ser\u00e3o 42 palestras, dividas em 6 trilhas, com boa parte dos mais conhecidos especialistas da \u00e1rea de dados do Brasil [&hellip;]<\/p>\n","protected":false},"author":1,"featured_media":2230,"comment_status":"open","ping_status":"open","sticky":false,"template":"","format":"standard","meta":{"rop_custom_images_group":[],"rop_custom_messages_group":[],"rop_publish_now":"initial","rop_publish_now_accounts":{"twitter_91251433_91251433":""},"rop_publish_now_history":[],"rop_publish_now_status":"pending","_exactmetrics_skip_tracking":false,"_exactmetrics_sitenote_active":false,"_exactmetrics_sitenote_note":"","_exactmetrics_sitenote_category":0,"_monsterinsights_skip_tracking":false,"_monsterinsights_sitenote_active":false,"_monsterinsights_sitenote_note":"","_monsterinsights_sitenote_category":0,"advanced_seo_description":"","jetpack_seo_html_title":"","jetpack_seo_noindex":false,"jetpack_post_was_ever_published":false,"_jetpack_newsletter_access":"","_jetpack_dont_email_post_to_subs":false,"_jetpack_newsletter_tier_id":0,"_jetpack_memberships_contains_paywalled_content":false,"_jetpack_memberships_contains_paid_content":false,"footnotes":"","jetpack_publicize_message":"","jetpack_publicize_feature_enabled":true,"jetpack_social_post_already_shared":true,"jetpack_social_options":{"image_generator_settings":{"template":"highway","default_image_id":0,"font":"","enabled":false},"version":2},"_wpscppro_dont_share_socialmedia":false,"_wpscppro_custom_social_share_image":0,"_facebook_share_type":"","_twitter_share_type":"","_linkedin_share_type":"","_pinterest_share_type":"","_linkedin_share_type_page":"","_instagram_share_type":"","_medium_share_type":"","_threads_share_type":"","_google_business_share_type":"","_selected_social_profile":[],"_wpsp_enable_custom_social_template":false,"_wpsp_social_scheduling":{"enabled":false,"datetime":null,"platforms":[],"status":"template_only","dateOption":"today","timeOption":"now","customDays":"","customHours":"","customDate":"","customTime":"","schedulingType":"absolute"},"_wpsp_active_default_template":true},"categories":[3],"tags":[213,164,297,60,233,298,296,168,13,14,240],"class_list":["post-2227","post","type-post","status-publish","format-standard","has-post-thumbnail","hentry","category-eventos","tag-azure","tag-bi","tag-datascience","tag-pass","tag-pbi","tag-sql-server-2019","tag-sqlsat906","tag-sqlsatsp","tag-sqlsaturday","tag-sqlserver","tag-tuning"],"jetpack_publicize_connections":[],"jetpack_featured_media_url":"https:\/\/i0.wp.com\/www.tiagoneves.net\/blog\/wp-content\/uploads\/2019\/09\/sqlsatsp.jpg?fit=640%2C640&ssl=1","jetpack_sharing_enabled":true,"jetpack_shortlink":"https:\/\/wp.me\/p6eIyh-zV","jetpack-related-posts":[{"id":2414,"url":"https:\/\/www.tiagoneves.net\/blog\/sql-server-2016-esta-chegando-ao-fim-do-suporte-o-que-isso-significa-na-pratica\/","url_meta":{"origin":2227,"position":0},"title":"SQL Server 2016 est\u00e1 chegando ao fim do suporte: o que isso significa na pr\u00e1tica?","author":"tiagoneves","date":"27 de abril de 2026","format":false,"excerpt":"O SQL Server 2016 ter\u00e1 seu suporte estendido encerrado em 14 de julho de 2026, o que resultar\u00e1 na falta de atualiza\u00e7\u00f5es de seguran\u00e7a e suporte. Continuar usando essa vers\u00e3o traz riscos como vulnerabilidades e n\u00e3o conformidade regulat\u00f3ria. Planejar a migra\u00e7\u00e3o para vers\u00f5es mais recentes ou cloud deve ser prioridade\u2026","rel":"","context":"Em &quot;Seguran\u00e7a&quot;","block_context":{"text":"Seguran\u00e7a","link":"https:\/\/www.tiagoneves.net\/blog\/category\/seguranca\/"},"img":{"alt_text":"","src":"https:\/\/i0.wp.com\/www.tiagoneves.net\/blog\/wp-content\/uploads\/2026\/04\/sql_server_2016_eos_v3.png?fit=772%2C702&ssl=1&resize=350%2C200","width":350,"height":200,"srcset":"https:\/\/i0.wp.com\/www.tiagoneves.net\/blog\/wp-content\/uploads\/2026\/04\/sql_server_2016_eos_v3.png?fit=772%2C702&ssl=1&resize=350%2C200 1x, https:\/\/i0.wp.com\/www.tiagoneves.net\/blog\/wp-content\/uploads\/2026\/04\/sql_server_2016_eos_v3.png?fit=772%2C702&ssl=1&resize=525%2C300 1.5x, https:\/\/i0.wp.com\/www.tiagoneves.net\/blog\/wp-content\/uploads\/2026\/04\/sql_server_2016_eos_v3.png?fit=772%2C702&ssl=1&resize=700%2C400 2x"},"classes":[]}],"jetpack_likes_enabled":true,"_links":{"self":[{"href":"https:\/\/www.tiagoneves.net\/blog\/wp-json\/wp\/v2\/posts\/2227","targetHints":{"allow":["GET"]}}],"collection":[{"href":"https:\/\/www.tiagoneves.net\/blog\/wp-json\/wp\/v2\/posts"}],"about":[{"href":"https:\/\/www.tiagoneves.net\/blog\/wp-json\/wp\/v2\/types\/post"}],"author":[{"embeddable":true,"href":"https:\/\/www.tiagoneves.net\/blog\/wp-json\/wp\/v2\/users\/1"}],"replies":[{"embeddable":true,"href":"https:\/\/www.tiagoneves.net\/blog\/wp-json\/wp\/v2\/comments?post=2227"}],"version-history":[{"count":1,"href":"https:\/\/www.tiagoneves.net\/blog\/wp-json\/wp\/v2\/posts\/2227\/revisions"}],"predecessor-version":[{"id":2231,"href":"https:\/\/www.tiagoneves.net\/blog\/wp-json\/wp\/v2\/posts\/2227\/revisions\/2231"}],"wp:featuredmedia":[{"embeddable":true,"href":"https:\/\/www.tiagoneves.net\/blog\/wp-json\/wp\/v2\/media\/2230"}],"wp:attachment":[{"href":"https:\/\/www.tiagoneves.net\/blog\/wp-json\/wp\/v2\/media?parent=2227"}],"wp:term":[{"taxonomy":"category","embeddable":true,"href":"https:\/\/www.tiagoneves.net\/blog\/wp-json\/wp\/v2\/categories?post=2227"},{"taxonomy":"post_tag","embeddable":true,"href":"https:\/\/www.tiagoneves.net\/blog\/wp-json\/wp\/v2\/tags?post=2227"}],"curies":[{"name":"wp","href":"https:\/\/api.w.org\/{rel}","templated":true}]}}